{"id":1772,"date":"2026-09-02T15:51:25","date_gmt":"2026-09-02T13:51:25","guid":{"rendered":"https:\/\/foto.kuko-ev.de\/?p=1772"},"modified":"2026-09-02T15:55:17","modified_gmt":"2026-09-02T13:55:17","slug":"rueckblick-fotoworkshop-analogfotografie-25-04-2026","status":"publish","type":"post","link":"https:\/\/foto.kuko-ev.de\/index.php\/rueckblick-fotoworkshop-analogfotografie-25-04-2026\/","title":{"rendered":"R\u00fcckblick Fotoworkshop Analogfotografie 25.04.2026"},"content":{"rendered":"\t\t<div data-elementor-type=\"wp-post\" data-elementor-id=\"1772\" class=\"elementor elementor-1772\">\n\t\t\t\t\t\t<section class=\"elementor-section elementor-top-section elementor-element elementor-element-ef97f8f elementor-section-boxed elementor-section-height-default elementor-section-height-default\" data-id=\"ef97f8f\" data-element_type=\"section\" data-e-type=\"section\">\n\t\t\t\t\t\t<div class=\"elementor-container elementor-column-gap-default\">\n\t\t\t\t\t<div class=\"elementor-column elementor-col-100 elementor-top-column elementor-element elementor-element-d5fb47d\" data-id=\"d5fb47d\" data-element_type=\"column\" data-e-type=\"column\">\n\t\t\t<div class=\"elementor-widget-wrap elementor-element-populated\">\n\t\t\t\t\t\t<div class=\"elementor-element elementor-element-7c82205 elementor-widget elementor-widget-image-gallery\" data-id=\"7c82205\" data-element_type=\"widget\" data-e-type=\"widget\" data-widget_type=\"image-gallery.default\">\n\t\t\t\t<div class=\"elementor-widget-container\">\n\t\t\t\t\t\t\t<div class=\"elementor-image-gallery\">\n\t\t\t<div id='gallery-1' class='gallery galleryid-1772 gallery-columns-3 gallery-size-medium'><figure class='gallery-item'>\n\t\t\t<div class='gallery-icon landscape'>\n\t\t\t\t<a data-elementor-open-lightbox=\"yes\" data-elementor-lightbox-slideshow=\"7c82205\" data-elementor-lightbox-title=\"workshop_jonathan1_scaled\" data-e-action-hash=\"#elementor-action%3Aaction%3Dlightbox%26settings%3DeyJpZCI6MTc3OCwidXJsIjoiaHR0cHM6XC9cL2ZvdG8ua3Vrby1ldi5kZVwvd3AtY29udGVudFwvdXBsb2Fkc1wvc2l0ZXNcLzRcLzIwMjZcLzA5XC93b3Jrc2hvcF9qb25hdGhhbjFfc2thbGVkLXNjYWxlZC5qcGciLCJzbGlkZXNob3ciOiI3YzgyMjA1In0%3D\" href='https:\/\/foto.kuko-ev.de\/wp-content\/uploads\/sites\/4\/2026\/09\/workshop_jonathan1_skaled-scaled.jpg'><img fetchpriority=\"high\" decoding=\"async\" width=\"300\" height=\"200\" src=\"https:\/\/foto.kuko-ev.de\/wp-content\/uploads\/sites\/4\/2026\/09\/workshop_jonathan1_skaled-300x200.jpg\" class=\"attachment-medium size-medium\" alt=\"\" aria-describedby=\"gallery-1-1778\" srcset=\"https:\/\/foto.kuko-ev.de\/wp-content\/uploads\/sites\/4\/2026\/09\/workshop_jonathan1_skaled-300x200.jpg 300w, https:\/\/foto.kuko-ev.de\/wp-content\/uploads\/sites\/4\/2026\/09\/workshop_jonathan1_skaled-1024x683.jpg 1024w, https:\/\/foto.kuko-ev.de\/wp-content\/uploads\/sites\/4\/2026\/09\/workshop_jonathan1_skaled-2000x1333.jpg 2000w\" sizes=\"100vw\" \/><\/a>\n\t\t\t<\/div>\n\t\t\t\t<figcaption class='wp-caption-text gallery-caption' id='gallery-1-1778'>\n\t\t\t\tJonathan Ehrmann\n\t\t\t\t<\/figcaption><\/figure><figure class='gallery-item'>\n\t\t\t<div class='gallery-icon landscape'>\n\t\t\t\t<a data-elementor-open-lightbox=\"yes\" data-elementor-lightbox-slideshow=\"7c82205\" data-elementor-lightbox-title=\"workshop_jonathan2_scaled\" data-e-action-hash=\"#elementor-action%3Aaction%3Dlightbox%26settings%3DeyJpZCI6MTc3OSwidXJsIjoiaHR0cHM6XC9cL2ZvdG8ua3Vrby1ldi5kZVwvd3AtY29udGVudFwvdXBsb2Fkc1wvc2l0ZXNcLzRcLzIwMjZcLzA5XC93b3Jrc2hvcF9qb25hdGhhbjJfc2thbGVkLXNjYWxlZC5qcGciLCJzbGlkZXNob3ciOiI3YzgyMjA1In0%3D\" href='https:\/\/foto.kuko-ev.de\/wp-content\/uploads\/sites\/4\/2026\/09\/workshop_jonathan2_skaled-scaled.jpg'><img decoding=\"async\" width=\"300\" height=\"200\" src=\"https:\/\/foto.kuko-ev.de\/wp-content\/uploads\/sites\/4\/2026\/09\/workshop_jonathan2_skaled-300x200.jpg\" class=\"attachment-medium size-medium\" alt=\"\" aria-describedby=\"gallery-1-1779\" srcset=\"https:\/\/foto.kuko-ev.de\/wp-content\/uploads\/sites\/4\/2026\/09\/workshop_jonathan2_skaled-300x200.jpg 300w, https:\/\/foto.kuko-ev.de\/wp-content\/uploads\/sites\/4\/2026\/09\/workshop_jonathan2_skaled-1024x683.jpg 1024w, https:\/\/foto.kuko-ev.de\/wp-content\/uploads\/sites\/4\/2026\/09\/workshop_jonathan2_skaled-2000x1333.jpg 2000w\" sizes=\"100vw\" \/><\/a>\n\t\t\t<\/div>\n\t\t\t\t<figcaption class='wp-caption-text gallery-caption' id='gallery-1-1779'>\n\t\t\t\tJonathan Ehrmann\n\t\t\t\t<\/figcaption><\/figure><figure class='gallery-item'>\n\t\t\t<div class='gallery-icon landscape'>\n\t\t\t\t<a data-elementor-open-lightbox=\"yes\" data-elementor-lightbox-slideshow=\"7c82205\" data-elementor-lightbox-title=\"workshop_sparsh1_scaled\" data-e-action-hash=\"#elementor-action%3Aaction%3Dlightbox%26settings%3DeyJpZCI6MTc4MCwidXJsIjoiaHR0cHM6XC9cL2ZvdG8ua3Vrby1ldi5kZVwvd3AtY29udGVudFwvdXBsb2Fkc1wvc2l0ZXNcLzRcLzIwMjZcLzA5XC93b3Jrc2hvcF9zcGFyc2gxX3NrYWxlZC1zY2FsZWQuanBnIiwic2xpZGVzaG93IjoiN2M4MjIwNSJ9\" href='https:\/\/foto.kuko-ev.de\/wp-content\/uploads\/sites\/4\/2026\/09\/workshop_sparsh1_skaled-scaled.jpg'><img decoding=\"async\" width=\"300\" height=\"200\" src=\"https:\/\/foto.kuko-ev.de\/wp-content\/uploads\/sites\/4\/2026\/09\/workshop_sparsh1_skaled-300x200.jpg\" class=\"attachment-medium size-medium\" alt=\"\" aria-describedby=\"gallery-1-1780\" srcset=\"https:\/\/foto.kuko-ev.de\/wp-content\/uploads\/sites\/4\/2026\/09\/workshop_sparsh1_skaled-300x200.jpg 300w, https:\/\/foto.kuko-ev.de\/wp-content\/uploads\/sites\/4\/2026\/09\/workshop_sparsh1_skaled-1024x683.jpg 1024w, https:\/\/foto.kuko-ev.de\/wp-content\/uploads\/sites\/4\/2026\/09\/workshop_sparsh1_skaled-2000x1333.jpg 2000w\" sizes=\"100vw\" \/><\/a>\n\t\t\t<\/div>\n\t\t\t\t<figcaption class='wp-caption-text gallery-caption' id='gallery-1-1780'>\n\t\t\t\tSparsh\n\t\t\t\t<\/figcaption><\/figure><figure class='gallery-item'>\n\t\t\t<div class='gallery-icon landscape'>\n\t\t\t\t<a data-elementor-open-lightbox=\"yes\" data-elementor-lightbox-slideshow=\"7c82205\" data-elementor-lightbox-title=\"workshop_sparsh2_scaled\" data-e-action-hash=\"#elementor-action%3Aaction%3Dlightbox%26settings%3DeyJpZCI6MTc4MSwidXJsIjoiaHR0cHM6XC9cL2ZvdG8ua3Vrby1ldi5kZVwvd3AtY29udGVudFwvdXBsb2Fkc1wvc2l0ZXNcLzRcLzIwMjZcLzA5XC93b3Jrc2hvcF9zcGFyc2gyX3NrYWxlZC1zY2FsZWQuanBnIiwic2xpZGVzaG93IjoiN2M4MjIwNSJ9\" href='https:\/\/foto.kuko-ev.de\/wp-content\/uploads\/sites\/4\/2026\/09\/workshop_sparsh2_skaled-scaled.jpg'><img loading=\"lazy\" decoding=\"async\" width=\"300\" height=\"200\" src=\"https:\/\/foto.kuko-ev.de\/wp-content\/uploads\/sites\/4\/2026\/09\/workshop_sparsh2_skaled-300x200.jpg\" class=\"attachment-medium size-medium\" alt=\"\" aria-describedby=\"gallery-1-1781\" srcset=\"https:\/\/foto.kuko-ev.de\/wp-content\/uploads\/sites\/4\/2026\/09\/workshop_sparsh2_skaled-300x200.jpg 300w, https:\/\/foto.kuko-ev.de\/wp-content\/uploads\/sites\/4\/2026\/09\/workshop_sparsh2_skaled-1024x683.jpg 1024w, https:\/\/foto.kuko-ev.de\/wp-content\/uploads\/sites\/4\/2026\/09\/workshop_sparsh2_skaled-2000x1333.jpg 2000w\" sizes=\"100vw\" \/><\/a>\n\t\t\t<\/div>\n\t\t\t\t<figcaption class='wp-caption-text gallery-caption' id='gallery-1-1781'>\n\t\t\t\tSparsh\n\t\t\t\t<\/figcaption><\/figure><figure class='gallery-item'>\n\t\t\t<div class='gallery-icon portrait'>\n\t\t\t\t<a data-elementor-open-lightbox=\"yes\" data-elementor-lightbox-slideshow=\"7c82205\" data-elementor-lightbox-title=\"workshop_ying1_scaled\" data-e-action-hash=\"#elementor-action%3Aaction%3Dlightbox%26settings%3DeyJpZCI6MTc4MiwidXJsIjoiaHR0cHM6XC9cL2ZvdG8ua3Vrby1ldi5kZVwvd3AtY29udGVudFwvdXBsb2Fkc1wvc2l0ZXNcLzRcLzIwMjZcLzA5XC93b3Jrc2hvcF95aW5nMV9za2FsZWQuanBnIiwic2xpZGVzaG93IjoiN2M4MjIwNSJ9\" href='https:\/\/foto.kuko-ev.de\/wp-content\/uploads\/sites\/4\/2026\/09\/workshop_ying1_skaled.jpg'><img loading=\"lazy\" decoding=\"async\" width=\"200\" height=\"300\" src=\"https:\/\/foto.kuko-ev.de\/wp-content\/uploads\/sites\/4\/2026\/09\/workshop_ying1_skaled-200x300.jpg\" class=\"attachment-medium size-medium\" alt=\"\" aria-describedby=\"gallery-1-1782\" srcset=\"https:\/\/foto.kuko-ev.de\/wp-content\/uploads\/sites\/4\/2026\/09\/workshop_ying1_skaled-200x300.jpg 200w, https:\/\/foto.kuko-ev.de\/wp-content\/uploads\/sites\/4\/2026\/09\/workshop_ying1_skaled-683x1024.jpg 683w, https:\/\/foto.kuko-ev.de\/wp-content\/uploads\/sites\/4\/2026\/09\/workshop_ying1_skaled.jpg 1700w\" sizes=\"100vw\" \/><\/a>\n\t\t\t<\/div>\n\t\t\t\t<figcaption class='wp-caption-text gallery-caption' id='gallery-1-1782'>\n\t\t\t\tYing Qi\n\t\t\t\t<\/figcaption><\/figure><figure class='gallery-item'>\n\t\t\t<div class='gallery-icon landscape'>\n\t\t\t\t<a data-elementor-open-lightbox=\"yes\" data-elementor-lightbox-slideshow=\"7c82205\" data-elementor-lightbox-title=\"workshop_ying2_scaled\" data-e-action-hash=\"#elementor-action%3Aaction%3Dlightbox%26settings%3DeyJpZCI6MTc4MywidXJsIjoiaHR0cHM6XC9cL2ZvdG8ua3Vrby1ldi5kZVwvd3AtY29udGVudFwvdXBsb2Fkc1wvc2l0ZXNcLzRcLzIwMjZcLzA5XC93b3Jrc2hvcF95aW5nMl9za2FsZWQtc2NhbGVkLmpwZyIsInNsaWRlc2hvdyI6IjdjODIyMDUifQ%3D%3D\" href='https:\/\/foto.kuko-ev.de\/wp-content\/uploads\/sites\/4\/2026\/09\/workshop_ying2_skaled-scaled.jpg'><img loading=\"lazy\" decoding=\"async\" width=\"300\" height=\"200\" src=\"https:\/\/foto.kuko-ev.de\/wp-content\/uploads\/sites\/4\/2026\/09\/workshop_ying2_skaled-300x200.jpg\" class=\"attachment-medium size-medium\" alt=\"\" aria-describedby=\"gallery-1-1783\" srcset=\"https:\/\/foto.kuko-ev.de\/wp-content\/uploads\/sites\/4\/2026\/09\/workshop_ying2_skaled-300x200.jpg 300w, https:\/\/foto.kuko-ev.de\/wp-content\/uploads\/sites\/4\/2026\/09\/workshop_ying2_skaled-1024x683.jpg 1024w, https:\/\/foto.kuko-ev.de\/wp-content\/uploads\/sites\/4\/2026\/09\/workshop_ying2_skaled-2000x1334.jpg 2000w\" sizes=\"100vw\" \/><\/a>\n\t\t\t<\/div>\n\t\t\t\t<figcaption class='wp-caption-text gallery-caption' id='gallery-1-1783'>\n\t\t\t\tYing Qi\n\t\t\t\t<\/figcaption><\/figure>\n\t\t<\/div>\n\t\t<\/div>\n\t\t\t\t\t\t<\/div>\n\t\t\t\t<\/div>\n\t\t\t\t\t<\/div>\n\t\t<\/div>\n\t\t\t\t\t<\/div>\n\t\t<\/section>\n\t\t\t\t<section class=\"elementor-section elementor-top-section elementor-element elementor-element-9af68a0 elementor-section-boxed elementor-section-height-default elementor-section-height-default\" data-id=\"9af68a0\" data-element_type=\"section\" data-e-type=\"section\">\n\t\t\t\t\t\t<div class=\"elementor-container elementor-column-gap-default\">\n\t\t\t\t\t<div class=\"elementor-column elementor-col-100 elementor-top-column elementor-element elementor-element-da34a0c\" data-id=\"da34a0c\" data-element_type=\"column\" data-e-type=\"column\">\n\t\t\t<div class=\"elementor-widget-wrap elementor-element-populated\">\n\t\t\t\t\t\t<div class=\"elementor-element elementor-element-8763282 elementor-widget elementor-widget-text-editor\" data-id=\"8763282\" data-element_type=\"widget\" data-e-type=\"widget\" data-widget_type=\"text-editor.default\">\n\t\t\t\t<div class=\"elementor-widget-container\">\n\t\t\t\t\t\t\t\t\t<p>Bei unserem Workshop im April konnten unsere Teilnehmer*innen erste Erfahrungen auf dem Gebiet der analogen Fotografie sammeln.<br \/>Hierbei gab es einen kurzen \u00dcberblick \u00fcber die theoretischen Grundlagen, bevor es dann zur Praxis zu einem Fotowalk mit den Kameras aus unserer Sammlung \u00fcber den Campus der TU Ilmenau (und auch ein wenig dar\u00fcber hinaus) ging.<br \/>Bei analoger Fotografie hei\u00dft es meist: entschleunigt fotografieren, bewusst wahrnehmen und kreativ experimentieren.<br \/>Sp\u00e4ter wurden dann die Bilder von uns im unserem Fotolabor entwickelt, gescannt und anschlie\u00dfend von den Teilnehmer:innen digital verarbeitet.<br \/>Vielen Dank nochmal an alle Teilnehmer*innen. Hier k\u00f6nnt ihr die Ergebnisse des Workshops sehen. Bilder entsprechend der Reihenfolge:<br \/>1\/2 &#8211; Jonathan Ehrmann<br \/>3\/4 &#8211; Sparsh<br \/>5\/6 &#8211; Ying Qi<\/p><p>Ihr habt auch Lust auf Analogfotografie? Dann folgt uns gerne, sobald der Workshop erneut stattfindet, werden wir es hier und auf Social Media bekannt geben.<\/p>\t\t\t\t\t\t\t\t<\/div>\n\t\t\t\t<\/div>\n\t\t\t\t\t<\/div>\n\t\t<\/div>\n\t\t\t\t\t<\/div>\n\t\t<\/section>\n\t\t\t\t<\/div>\n\t\t","protected":false},"excerpt":{"rendered":"<p>Jonathan Ehrmann Jonathan Ehrmann Sparsh Sparsh Ying Qi Ying Qi Bei unserem Workshop im April konnten unsere Teilnehmer*innen erste Erfahrungen auf dem Gebiet der analogen Fotografie sammeln.Hierbei gab es einen kurzen \u00dcberblick \u00fcber die theoretischen Grundlagen, bevor es dann zur Praxis zu einem Fotowalk mit den Kameras aus unserer Sammlung \u00fcber den Campus der TU &hellip; <\/p>\n<p class=\"link-more\"><a href=\"https:\/\/foto.kuko-ev.de\/index.php\/rueckblick-fotoworkshop-analogfotografie-25-04-2026\/\" class=\"more-link\">Mehr <span class=\"screen-reader-text\">\u00fcber &#8222;R\u00fcckblick Fotoworkshop Analogfotografie 25.04.2026&#8220; <\/span>Lesen<\/a><\/p>\n","protected":false},"author":12,"featured_media":1533,"comment_status":"closed","ping_status":"closed","sticky":false,"template":"","format":"standard","meta":{"footnotes":""},"categories":[1],"tags":[],"class_list":["post-1772","post","type-post","status-publish","format-standard","has-post-thumbnail","hentry","category-allgemein"],"yoast_head":"<!-- This site is optimized with the Yoast SEO plugin v28.2 - https:\/\/yoast.com\/product\/yoast-seo-wordpress\/ -->\n<title>R\u00fcckblick Fotoworkshop Analogfotografie 25.04.2026 - ArGe Foto Ilmenau<\/title>\n<meta name=\"robots\" content=\"index, follow, max-snippet:-1, max-image-preview:large, max-video-preview:-1\" \/>\n<link rel=\"canonical\" href=\"https:\/\/foto.kuko-ev.de\/index.php\/rueckblick-fotoworkshop-analogfotografie-25-04-2026\/\" \/>\n<meta property=\"og:locale\" content=\"de_DE\" \/>\n<meta property=\"og:type\" content=\"article\" \/>\n<meta property=\"og:title\" content=\"R\u00fcckblick Fotoworkshop Analogfotografie 25.04.2026 - ArGe Foto Ilmenau\" \/>\n<meta property=\"og:description\" content=\"Jonathan Ehrmann Jonathan Ehrmann Sparsh Sparsh Ying Qi Ying Qi Bei unserem Workshop im April konnten unsere Teilnehmer*innen erste Erfahrungen auf dem Gebiet der analogen Fotografie sammeln.Hierbei gab es einen kurzen \u00dcberblick \u00fcber die theoretischen Grundlagen, bevor es dann zur Praxis zu einem Fotowalk mit den Kameras aus unserer Sammlung \u00fcber den Campus der TU &hellip; Mehr \u00fcber &quot;R\u00fcckblick Fotoworkshop Analogfotografie 25.04.2026&quot; Lesen\" \/>\n<meta property=\"og:url\" content=\"https:\/\/foto.kuko-ev.de\/index.php\/rueckblick-fotoworkshop-analogfotografie-25-04-2026\/\" \/>\n<meta property=\"og:site_name\" content=\"ArGe Foto Ilmenau\" \/>\n<meta property=\"article:published_time\" content=\"2026-09-02T13:51:25+00:00\" \/>\n<meta property=\"article:modified_time\" content=\"2026-09-02T13:55:17+00:00\" \/>\n<meta property=\"og:image\" content=\"http:\/\/foto.kuko-ev.de\/wp-content\/uploads\/sites\/4\/2025\/11\/workshop-analog-hintergrund-scaled-1-scaled.jpg\" \/>\n\t<meta property=\"og:image:width\" content=\"2560\" \/>\n\t<meta property=\"og:image:height\" content=\"1706\" \/>\n\t<meta property=\"og:image:type\" content=\"image\/jpeg\" \/>\n<meta name=\"author\" content=\"mattse97\" \/>\n<meta name=\"twitter:card\" content=\"summary_large_image\" \/>\n<meta name=\"twitter:label1\" content=\"Verfasst von\" \/>\n\t<meta name=\"twitter:data1\" content=\"mattse97\" \/>\n\t<meta name=\"twitter:label2\" content=\"Gesch\u00e4tzte Lesezeit\" \/>\n\t<meta name=\"twitter:data2\" content=\"3\u00a0Minuten\" \/>\n<script type=\"application\/ld+json\" class=\"yoast-schema-graph\">{\"@context\":\"https:\\\/\\\/schema.org\",\"@graph\":[{\"@type\":\"Article\",\"@id\":\"https:\\\/\\\/foto.kuko-ev.de\\\/index.php\\\/rueckblick-fotoworkshop-analogfotografie-25-04-2026\\\/#article\",\"isPartOf\":{\"@id\":\"https:\\\/\\\/foto.kuko-ev.de\\\/index.php\\\/rueckblick-fotoworkshop-analogfotografie-25-04-2026\\\/\"},\"author\":{\"name\":\"mattse97\",\"@id\":\"https:\\\/\\\/foto.kuko-ev.de\\\/#\\\/schema\\\/person\\\/e3fd35a81db4b18e83d932fd8e9fc32b\"},\"headline\":\"R\u00fcckblick Fotoworkshop Analogfotografie 25.04.2026\",\"datePublished\":\"2026-09-02T13:51:25+00:00\",\"dateModified\":\"2026-09-02T13:55:17+00:00\",\"mainEntityOfPage\":{\"@id\":\"https:\\\/\\\/foto.kuko-ev.de\\\/index.php\\\/rueckblick-fotoworkshop-analogfotografie-25-04-2026\\\/\"},\"wordCount\":159,\"publisher\":{\"@id\":\"https:\\\/\\\/foto.kuko-ev.de\\\/#organization\"},\"image\":{\"@id\":\"https:\\\/\\\/foto.kuko-ev.de\\\/index.php\\\/rueckblick-fotoworkshop-analogfotografie-25-04-2026\\\/#primaryimage\"},\"thumbnailUrl\":\"https:\\\/\\\/foto.kuko-ev.de\\\/wp-content\\\/uploads\\\/sites\\\/4\\\/2025\\\/11\\\/workshop-analog-hintergrund-scaled-1-scaled.jpg\",\"inLanguage\":\"de\"},{\"@type\":\"WebPage\",\"@id\":\"https:\\\/\\\/foto.kuko-ev.de\\\/index.php\\\/rueckblick-fotoworkshop-analogfotografie-25-04-2026\\\/\",\"url\":\"https:\\\/\\\/foto.kuko-ev.de\\\/index.php\\\/rueckblick-fotoworkshop-analogfotografie-25-04-2026\\\/\",\"name\":\"R\u00fcckblick Fotoworkshop Analogfotografie 25.04.2026 - ArGe Foto Ilmenau\",\"isPartOf\":{\"@id\":\"https:\\\/\\\/foto.kuko-ev.de\\\/#website\"},\"primaryImageOfPage\":{\"@id\":\"https:\\\/\\\/foto.kuko-ev.de\\\/index.php\\\/rueckblick-fotoworkshop-analogfotografie-25-04-2026\\\/#primaryimage\"},\"image\":{\"@id\":\"https:\\\/\\\/foto.kuko-ev.de\\\/index.php\\\/rueckblick-fotoworkshop-analogfotografie-25-04-2026\\\/#primaryimage\"},\"thumbnailUrl\":\"https:\\\/\\\/foto.kuko-ev.de\\\/wp-content\\\/uploads\\\/sites\\\/4\\\/2025\\\/11\\\/workshop-analog-hintergrund-scaled-1-scaled.jpg\",\"datePublished\":\"2026-09-02T13:51:25+00:00\",\"dateModified\":\"2026-09-02T13:55:17+00:00\",\"breadcrumb\":{\"@id\":\"https:\\\/\\\/foto.kuko-ev.de\\\/index.php\\\/rueckblick-fotoworkshop-analogfotografie-25-04-2026\\\/#breadcrumb\"},\"inLanguage\":\"de\",\"potentialAction\":[{\"@type\":\"ReadAction\",\"target\":[\"https:\\\/\\\/foto.kuko-ev.de\\\/index.php\\\/rueckblick-fotoworkshop-analogfotografie-25-04-2026\\\/\"]}]},{\"@type\":\"ImageObject\",\"inLanguage\":\"de\",\"@id\":\"https:\\\/\\\/foto.kuko-ev.de\\\/index.php\\\/rueckblick-fotoworkshop-analogfotografie-25-04-2026\\\/#primaryimage\",\"url\":\"https:\\\/\\\/foto.kuko-ev.de\\\/wp-content\\\/uploads\\\/sites\\\/4\\\/2025\\\/11\\\/workshop-analog-hintergrund-scaled-1-scaled.jpg\",\"contentUrl\":\"https:\\\/\\\/foto.kuko-ev.de\\\/wp-content\\\/uploads\\\/sites\\\/4\\\/2025\\\/11\\\/workshop-analog-hintergrund-scaled-1-scaled.jpg\",\"width\":2560,\"height\":1706,\"caption\":\"@ Tom Sauer\"},{\"@type\":\"BreadcrumbList\",\"@id\":\"https:\\\/\\\/foto.kuko-ev.de\\\/index.php\\\/rueckblick-fotoworkshop-analogfotografie-25-04-2026\\\/#breadcrumb\",\"itemListElement\":[{\"@type\":\"ListItem\",\"position\":1,\"name\":\"Startseite\",\"item\":\"https:\\\/\\\/foto.kuko-ev.de\\\/\"},{\"@type\":\"ListItem\",\"position\":2,\"name\":\"R\u00fcckblick Fotoworkshop Analogfotografie 25.04.2026\"}]},{\"@type\":\"WebSite\",\"@id\":\"https:\\\/\\\/foto.kuko-ev.de\\\/#website\",\"url\":\"https:\\\/\\\/foto.kuko-ev.de\\\/\",\"name\":\"ArGe Foto Ilmenau\",\"description\":\"Kulturelle Koordinierung e.V.\",\"publisher\":{\"@id\":\"https:\\\/\\\/foto.kuko-ev.de\\\/#organization\"},\"potentialAction\":[{\"@type\":\"SearchAction\",\"target\":{\"@type\":\"EntryPoint\",\"urlTemplate\":\"https:\\\/\\\/foto.kuko-ev.de\\\/?s={search_term_string}\"},\"query-input\":{\"@type\":\"PropertyValueSpecification\",\"valueRequired\":true,\"valueName\":\"search_term_string\"}}],\"inLanguage\":\"de\"},{\"@type\":\"Organization\",\"@id\":\"https:\\\/\\\/foto.kuko-ev.de\\\/#organization\",\"name\":\"ArGe Foto Ilmenau\",\"url\":\"https:\\\/\\\/foto.kuko-ev.de\\\/\",\"logo\":{\"@type\":\"ImageObject\",\"inLanguage\":\"de\",\"@id\":\"https:\\\/\\\/foto.kuko-ev.de\\\/#\\\/schema\\\/logo\\\/image\\\/\",\"url\":\"https:\\\/\\\/foto.kuko-ev.de\\\/wp-content\\\/uploads\\\/sites\\\/4\\\/2022\\\/08\\\/cropped-cropped-cropped-logo_symbol_w-1-1.png\",\"contentUrl\":\"https:\\\/\\\/foto.kuko-ev.de\\\/wp-content\\\/uploads\\\/sites\\\/4\\\/2022\\\/08\\\/cropped-cropped-cropped-logo_symbol_w-1-1.png\",\"width\":90,\"height\":90,\"caption\":\"ArGe Foto Ilmenau\"},\"image\":{\"@id\":\"https:\\\/\\\/foto.kuko-ev.de\\\/#\\\/schema\\\/logo\\\/image\\\/\"}},{\"@type\":\"Person\",\"@id\":\"https:\\\/\\\/foto.kuko-ev.de\\\/#\\\/schema\\\/person\\\/e3fd35a81db4b18e83d932fd8e9fc32b\",\"name\":\"mattse97\",\"url\":\"https:\\\/\\\/foto.kuko-ev.de\\\/index.php\\\/author\\\/mattse97\\\/\"}]}<\/script>\n<!-- \/ Yoast SEO plugin. -->","yoast_head_json":{"title":"R\u00fcckblick Fotoworkshop Analogfotografie 25.04.2026 - ArGe Foto Ilmenau","robots":{"index":"index","follow":"follow","max-snippet":"max-snippet:-1","max-image-preview":"max-image-preview:large","max-video-preview":"max-video-preview:-1"},"canonical":"https:\/\/foto.kuko-ev.de\/index.php\/rueckblick-fotoworkshop-analogfotografie-25-04-2026\/","og_locale":"de_DE","og_type":"article","og_title":"R\u00fcckblick Fotoworkshop Analogfotografie 25.04.2026 - ArGe Foto Ilmenau","og_description":"Jonathan Ehrmann Jonathan Ehrmann Sparsh Sparsh Ying Qi Ying Qi Bei unserem Workshop im April konnten unsere Teilnehmer*innen erste Erfahrungen auf dem Gebiet der analogen Fotografie sammeln.Hierbei gab es einen kurzen \u00dcberblick \u00fcber die theoretischen Grundlagen, bevor es dann zur Praxis zu einem Fotowalk mit den Kameras aus unserer Sammlung \u00fcber den Campus der TU &hellip; Mehr \u00fcber \"R\u00fcckblick Fotoworkshop Analogfotografie 25.04.2026\" Lesen","og_url":"https:\/\/foto.kuko-ev.de\/index.php\/rueckblick-fotoworkshop-analogfotografie-25-04-2026\/","og_site_name":"ArGe Foto Ilmenau","article_published_time":"2026-09-02T13:51:25+00:00","article_modified_time":"2026-09-02T13:55:17+00:00","og_image":[{"width":2560,"height":1706,"url":"http:\/\/foto.kuko-ev.de\/wp-content\/uploads\/sites\/4\/2025\/11\/workshop-analog-hintergrund-scaled-1-scaled.jpg","type":"image\/jpeg"}],"author":"mattse97","twitter_card":"summary_large_image","twitter_misc":{"Verfasst von":"mattse97","Gesch\u00e4tzte Lesezeit":"3\u00a0Minuten"},"schema":{"@context":"https:\/\/schema.org","@graph":[{"@type":"Article","@id":"https:\/\/foto.kuko-ev.de\/index.php\/rueckblick-fotoworkshop-analogfotografie-25-04-2026\/#article","isPartOf":{"@id":"https:\/\/foto.kuko-ev.de\/index.php\/rueckblick-fotoworkshop-analogfotografie-25-04-2026\/"},"author":{"name":"mattse97","@id":"https:\/\/foto.kuko-ev.de\/#\/schema\/person\/e3fd35a81db4b18e83d932fd8e9fc32b"},"headline":"R\u00fcckblick Fotoworkshop Analogfotografie 25.04.2026","datePublished":"2026-09-02T13:51:25+00:00","dateModified":"2026-09-02T13:55:17+00:00","mainEntityOfPage":{"@id":"https:\/\/foto.kuko-ev.de\/index.php\/rueckblick-fotoworkshop-analogfotografie-25-04-2026\/"},"wordCount":159,"publisher":{"@id":"https:\/\/foto.kuko-ev.de\/#organization"},"image":{"@id":"https:\/\/foto.kuko-ev.de\/index.php\/rueckblick-fotoworkshop-analogfotografie-25-04-2026\/#primaryimage"},"thumbnailUrl":"https:\/\/foto.kuko-ev.de\/wp-content\/uploads\/sites\/4\/2025\/11\/workshop-analog-hintergrund-scaled-1-scaled.jpg","inLanguage":"de"},{"@type":"WebPage","@id":"https:\/\/foto.kuko-ev.de\/index.php\/rueckblick-fotoworkshop-analogfotografie-25-04-2026\/","url":"https:\/\/foto.kuko-ev.de\/index.php\/rueckblick-fotoworkshop-analogfotografie-25-04-2026\/","name":"R\u00fcckblick Fotoworkshop Analogfotografie 25.04.2026 - ArGe Foto Ilmenau","isPartOf":{"@id":"https:\/\/foto.kuko-ev.de\/#website"},"primaryImageOfPage":{"@id":"https:\/\/foto.kuko-ev.de\/index.php\/rueckblick-fotoworkshop-analogfotografie-25-04-2026\/#primaryimage"},"image":{"@id":"https:\/\/foto.kuko-ev.de\/index.php\/rueckblick-fotoworkshop-analogfotografie-25-04-2026\/#primaryimage"},"thumbnailUrl":"https:\/\/foto.kuko-ev.de\/wp-content\/uploads\/sites\/4\/2025\/11\/workshop-analog-hintergrund-scaled-1-scaled.jpg","datePublished":"2026-09-02T13:51:25+00:00","dateModified":"2026-09-02T13:55:17+00:00","breadcrumb":{"@id":"https:\/\/foto.kuko-ev.de\/index.php\/rueckblick-fotoworkshop-analogfotografie-25-04-2026\/#breadcrumb"},"inLanguage":"de","potentialAction":[{"@type":"ReadAction","target":["https:\/\/foto.kuko-ev.de\/index.php\/rueckblick-fotoworkshop-analogfotografie-25-04-2026\/"]}]},{"@type":"ImageObject","inLanguage":"de","@id":"https:\/\/foto.kuko-ev.de\/index.php\/rueckblick-fotoworkshop-analogfotografie-25-04-2026\/#primaryimage","url":"https:\/\/foto.kuko-ev.de\/wp-content\/uploads\/sites\/4\/2025\/11\/workshop-analog-hintergrund-scaled-1-scaled.jpg","contentUrl":"https:\/\/foto.kuko-ev.de\/wp-content\/uploads\/sites\/4\/2025\/11\/workshop-analog-hintergrund-scaled-1-scaled.jpg","width":2560,"height":1706,"caption":"@ Tom Sauer"},{"@type":"BreadcrumbList","@id":"https:\/\/foto.kuko-ev.de\/index.php\/rueckblick-fotoworkshop-analogfotografie-25-04-2026\/#breadcrumb","itemListElement":[{"@type":"ListItem","position":1,"name":"Startseite","item":"https:\/\/foto.kuko-ev.de\/"},{"@type":"ListItem","position":2,"name":"R\u00fcckblick Fotoworkshop Analogfotografie 25.04.2026"}]},{"@type":"WebSite","@id":"https:\/\/foto.kuko-ev.de\/#website","url":"https:\/\/foto.kuko-ev.de\/","name":"ArGe Foto Ilmenau","description":"Kulturelle Koordinierung e.V.","publisher":{"@id":"https:\/\/foto.kuko-ev.de\/#organization"},"potentialAction":[{"@type":"SearchAction","target":{"@type":"EntryPoint","urlTemplate":"https:\/\/foto.kuko-ev.de\/?s={search_term_string}"},"query-input":{"@type":"PropertyValueSpecification","valueRequired":true,"valueName":"search_term_string"}}],"inLanguage":"de"},{"@type":"Organization","@id":"https:\/\/foto.kuko-ev.de\/#organization","name":"ArGe Foto Ilmenau","url":"https:\/\/foto.kuko-ev.de\/","logo":{"@type":"ImageObject","inLanguage":"de","@id":"https:\/\/foto.kuko-ev.de\/#\/schema\/logo\/image\/","url":"https:\/\/foto.kuko-ev.de\/wp-content\/uploads\/sites\/4\/2022\/08\/cropped-cropped-cropped-logo_symbol_w-1-1.png","contentUrl":"https:\/\/foto.kuko-ev.de\/wp-content\/uploads\/sites\/4\/2022\/08\/cropped-cropped-cropped-logo_symbol_w-1-1.png","width":90,"height":90,"caption":"ArGe Foto Ilmenau"},"image":{"@id":"https:\/\/foto.kuko-ev.de\/#\/schema\/logo\/image\/"}},{"@type":"Person","@id":"https:\/\/foto.kuko-ev.de\/#\/schema\/person\/e3fd35a81db4b18e83d932fd8e9fc32b","name":"mattse97","url":"https:\/\/foto.kuko-ev.de\/index.php\/author\/mattse97\/"}]}},"_links":{"self":[{"href":"https:\/\/foto.kuko-ev.de\/index.php\/wp-json\/wp\/v2\/posts\/1772","targetHints":{"allow":["GET"]}}],"collection":[{"href":"https:\/\/foto.kuko-ev.de\/index.php\/wp-json\/wp\/v2\/posts"}],"about":[{"href":"https:\/\/foto.kuko-ev.de\/index.php\/wp-json\/wp\/v2\/types\/post"}],"author":[{"embeddable":true,"href":"https:\/\/foto.kuko-ev.de\/index.php\/wp-json\/wp\/v2\/users\/12"}],"replies":[{"embeddable":true,"href":"https:\/\/foto.kuko-ev.de\/index.php\/wp-json\/wp\/v2\/comments?post=1772"}],"version-history":[{"count":13,"href":"https:\/\/foto.kuko-ev.de\/index.php\/wp-json\/wp\/v2\/posts\/1772\/revisions"}],"predecessor-version":[{"id":1792,"href":"https:\/\/foto.kuko-ev.de\/index.php\/wp-json\/wp\/v2\/posts\/1772\/revisions\/1792"}],"wp:featuredmedia":[{"embeddable":true,"href":"https:\/\/foto.kuko-ev.de\/index.php\/wp-json\/wp\/v2\/media\/1533"}],"wp:attachment":[{"href":"https:\/\/foto.kuko-ev.de\/index.php\/wp-json\/wp\/v2\/media?parent=1772"}],"wp:term":[{"taxonomy":"category","embeddable":true,"href":"https:\/\/foto.kuko-ev.de\/index.php\/wp-json\/wp\/v2\/categories?post=1772"},{"taxonomy":"post_tag","embeddable":true,"href":"https:\/\/foto.kuko-ev.de\/index.php\/wp-json\/wp\/v2\/tags?post=1772"}],"curies":[{"name":"wp","href":"https:\/\/api.w.org\/{rel}","templated":true}]}}